{"id":1483,"date":"2026-03-06T11:49:50","date_gmt":"2026-03-06T11:49:50","guid":{"rendered":"https:\/\/cryo.nytelweb.net\/?p=1483"},"modified":"2026-03-06T12:55:59","modified_gmt":"2026-03-06T12:55:59","slug":"cryo-logistics-espana-comienza-su-senda-verde-2","status":"publish","type":"post","link":"http:\/\/cryo.nytelweb.net\/en\/cryo-logistics-espana-comienza-su-senda-verde-2\/","title":{"rendered":"Cryo Logistics Spain goes green"},"content":{"rendered":"<p>Cryo Logistcs Spain is delighted to integrate into to their vehicle fleet their first LNG powered truck.<\/p>\n\n\n\n<p>This is the first step in their green transformation over the coming years to integrate this Stralis NP IVECO. It is important for the company and their customers to do their part.<\/p>\n\n\n\n<p>The truck has the same performance as traditional diesel units but produces up to 45% less CO2 &amp; up to 35% NOx. These more sustainable trucks have been operating since June 2023 on dangerous goods traffic from the company\u2019s base in San Roque.<\/p>\n\n\n\n<p>For more information on our operations in Spain, contact Marcos Gutierrez, mgutierrez@cryologistics.es&nbsp;<a href=\"mailto:mgutierrez@cryologistics.es\">mgutierrez@cryologistics.es<\/a><\/p>\n\n\n\n<p><a href=\"https:\/\/www.linkedin.com\/feed\/hashtag\/?keywords=logistics&amp;highlightedUpdateUrns=urn%3Ali%3Aactivity%3A7044299195142316032&amp;lipi=urn%3Ali%3Apage%3Acompanies_company_posts_index%3Bf32c8833-a1ee-48cb-94d7-b6eeece336c0\">#logistics<\/a>\u202f<a href=\"https:\/\/www.linkedin.com\/feed\/hashtag\/?keywords=transportation&amp;highlightedUpdateUrns=urn%3Ali%3Aactivity%3A7044299195142316032\">#transportation<\/a>\u202f<a href=\"https:\/\/www.linkedin.com\/feed\/hashtag\/?keywords=freightforwarding&amp;highlightedUpdateUrns=urn%3Ali%3Aactivity%3A7044299195142316032\">#freightforwarding<\/a>\u202f<a href=\"https:\/\/www.linkedin.com\/feed\/hashtag\/?keywords=transport&amp;highlightedUpdateUrns=urn%3Ali%3Aactivity%3A7044299195142316032\">#transport<\/a>\u202f<a href=\"https:\/\/www.linkedin.com\/feed\/hashtag\/?keywords=communications&amp;highlightedUpdateUrns=urn%3Ali%3Aactivity%3A7044299195142316032\">#communications<\/a>\u202f<a href=\"https:\/\/www.linkedin.com\/feed\/hashtag\/?keywords=maintenance&amp;highlightedUpdateUrns=urn%3Ali%3Aactivity%3A7044299195142316032\">#maintenance<\/a>\u202f<a href=\"https:\/\/www.linkedin.com\/feed\/hashtag\/?keywords=cryogenic&amp;highlightedUpdateUrns=urn%3Ali%3Aactivity%3A7044299195142316032\">#cryogenic<\/a>\u202f<a href=\"https:\/\/www.linkedin.com\/feed\/hashtag\/?keywords=storage&amp;highlightedUpdateUrns=urn%3Ali%3Aactivity%3A7044299195142316032\">#storage<\/a>\u202f<a href=\"https:\/\/www.linkedin.com\/feed\/hashtag\/?keywords=cryologistics&amp;highlightedUpdateUrns=urn%3Ali%3Aactivity%3A7044299195142316032\">#cryologistics<\/a>&nbsp;#LNG #APBA #PuertoBahiadeAlgeciras<\/p>","protected":false},"excerpt":{"rendered":"<p>Cryo Logistcs Spain is delighted to integrate into to their vehicle fleet their first LNG powered truck.<br \/>\nEste es el primer paso en nuestra transformaci\u00f3n ecol\u00f3gica integrando un cami\u00f3n IVECO Stralis NP.<\/p>","protected":false},"author":1,"featured_media":1369,"comment_status":"open","ping_status":"open","sticky":false,"template":"","format":"standard","meta":{"_jetpack_memberships_contains_paid_content":false,"footnotes":""},"categories":[1],"tags":[],"class_list":["post-1483","post","type-post","status-publish","format-standard","has-post-thumbnail","hentry","category-uncategorized"],"yoast_head":"<!-- This site is optimized with the Yoast SEO plugin v27.2 - https:\/\/yoast.com\/product\/yoast-seo-wordpress\/ -->\n<title>Cryo Logistics Espa\u00f1a comienza su senda verde\u200b - Cryo Logistics<\/title>\n<meta name=\"robots\" content=\"index, follow, max-snippet:-1, max-image-preview:large, max-video-preview:-1\" \/>\n<link rel=\"canonical\" href=\"https:\/\/cryo.nytelweb.net\/en\/cryo-logistics-espana-comienza-su-senda-verde-2\/\" \/>\n<meta property=\"og:locale\" content=\"en_GB\" \/>\n<meta property=\"og:type\" content=\"article\" \/>\n<meta property=\"og:title\" content=\"Cryo Logistics Espa\u00f1a comienza su senda verde\u200b - Cryo Logistics\" \/>\n<meta property=\"og:description\" content=\"Cryo Logistics Espa\u00f1a se complace en integrar en su flota de veh\u00edculos su primer cami\u00f3n propulsado por GNL. Este es el primer paso en nuestra transformaci\u00f3n ecol\u00f3gica integrando un cami\u00f3n IVECO Stralis NP.\" \/>\n<meta property=\"og:url\" content=\"https:\/\/cryo.nytelweb.net\/en\/cryo-logistics-espana-comienza-su-senda-verde-2\/\" \/>\n<meta property=\"og:site_name\" content=\"Cryo Logistics\" \/>\n<meta property=\"article:published_time\" content=\"2026-03-06T11:49:50+00:00\" \/>\n<meta property=\"article:modified_time\" content=\"2026-03-06T12:55:59+00:00\" \/>\n<meta property=\"og:image\" content=\"https:\/\/cryo.nytelweb.net\/wp-content\/uploads\/2026\/03\/Cryo-Logistics-Espana-comienza-su-senda-verde.webp\" \/>\n\t<meta property=\"og:image:width\" content=\"1200\" \/>\n\t<meta property=\"og:image:height\" content=\"900\" \/>\n\t<meta property=\"og:image:type\" content=\"image\/webp\" \/>\n<meta name=\"author\" content=\"admin\" \/>\n<meta name=\"twitter:card\" content=\"summary_large_image\" \/>\n<meta name=\"twitter:label1\" content=\"Written by\" \/>\n\t<meta name=\"twitter:data1\" content=\"admin\" \/>\n\t<meta name=\"twitter:label2\" content=\"Estimated reading time\" \/>\n\t<meta name=\"twitter:data2\" content=\"1 minute\" \/>\n<script type=\"application\/ld+json\" class=\"yoast-schema-graph\">{\"@context\":\"https:\/\/schema.org\",\"@graph\":[{\"@type\":\"Article\",\"@id\":\"https:\/\/cryo.nytelweb.net\/cryo-logistics-espana-comienza-su-senda-verde-2\/#article\",\"isPartOf\":{\"@id\":\"https:\/\/cryo.nytelweb.net\/cryo-logistics-espana-comienza-su-senda-verde-2\/\"},\"author\":{\"name\":\"admin\",\"@id\":\"https:\/\/cryo.nytelweb.net\/#\/schema\/person\/6b64a9dd74adc0e6dd6bc6dd134d4de9\"},\"headline\":\"Cryo Logistics Espa\u00f1a comienza su senda verde\u200b\",\"datePublished\":\"2026-03-06T11:49:50+00:00\",\"dateModified\":\"2026-03-06T12:55:59+00:00\",\"mainEntityOfPage\":{\"@id\":\"https:\/\/cryo.nytelweb.net\/cryo-logistics-espana-comienza-su-senda-verde-2\/\"},\"wordCount\":173,\"commentCount\":0,\"publisher\":{\"@id\":\"https:\/\/cryo.nytelweb.net\/#organization\"},\"image\":{\"@id\":\"https:\/\/cryo.nytelweb.net\/cryo-logistics-espana-comienza-su-senda-verde-2\/#primaryimage\"},\"thumbnailUrl\":\"https:\/\/cryo.nytelweb.net\/wp-content\/uploads\/2026\/03\/Cryo-Logistics-Espana-comienza-su-senda-verde.webp\",\"articleSection\":[\"Uncategorized\"],\"inLanguage\":\"en-GB\"},{\"@type\":\"WebPage\",\"@id\":\"https:\/\/cryo.nytelweb.net\/cryo-logistics-espana-comienza-su-senda-verde-2\/\",\"url\":\"https:\/\/cryo.nytelweb.net\/cryo-logistics-espana-comienza-su-senda-verde-2\/\",\"name\":\"Cryo Logistics Espa\u00f1a comienza su senda verde\u200b - Cryo Logistics\",\"isPartOf\":{\"@id\":\"https:\/\/cryo.nytelweb.net\/#website\"},\"primaryImageOfPage\":{\"@id\":\"https:\/\/cryo.nytelweb.net\/cryo-logistics-espana-comienza-su-senda-verde-2\/#primaryimage\"},\"image\":{\"@id\":\"https:\/\/cryo.nytelweb.net\/cryo-logistics-espana-comienza-su-senda-verde-2\/#primaryimage\"},\"thumbnailUrl\":\"https:\/\/cryo.nytelweb.net\/wp-content\/uploads\/2026\/03\/Cryo-Logistics-Espana-comienza-su-senda-verde.webp\",\"datePublished\":\"2026-03-06T11:49:50+00:00\",\"dateModified\":\"2026-03-06T12:55:59+00:00\",\"breadcrumb\":{\"@id\":\"https:\/\/cryo.nytelweb.net\/cryo-logistics-espana-comienza-su-senda-verde-2\/#breadcrumb\"},\"inLanguage\":\"en-GB\",\"potentialAction\":[{\"@type\":\"ReadAction\",\"target\":[\"https:\/\/cryo.nytelweb.net\/cryo-logistics-espana-comienza-su-senda-verde-2\/\"]}]},{\"@type\":\"ImageObject\",\"inLanguage\":\"en-GB\",\"@id\":\"https:\/\/cryo.nytelweb.net\/cryo-logistics-espana-comienza-su-senda-verde-2\/#primaryimage\",\"url\":\"https:\/\/cryo.nytelweb.net\/wp-content\/uploads\/2026\/03\/Cryo-Logistics-Espana-comienza-su-senda-verde.webp\",\"contentUrl\":\"https:\/\/cryo.nytelweb.net\/wp-content\/uploads\/2026\/03\/Cryo-Logistics-Espana-comienza-su-senda-verde.webp\",\"width\":1200,\"height\":900},{\"@type\":\"BreadcrumbList\",\"@id\":\"https:\/\/cryo.nytelweb.net\/cryo-logistics-espana-comienza-su-senda-verde-2\/#breadcrumb\",\"itemListElement\":[{\"@type\":\"ListItem\",\"position\":1,\"name\":\"Portada\",\"item\":\"https:\/\/cryo.nytelweb.net\/\"},{\"@type\":\"ListItem\",\"position\":2,\"name\":\"Cryo Logistics Espa\u00f1a comienza su senda verde\u200b\"}]},{\"@type\":\"WebSite\",\"@id\":\"https:\/\/cryo.nytelweb.net\/#website\",\"url\":\"https:\/\/cryo.nytelweb.net\/\",\"name\":\"Cryo Logistics\",\"description\":\"\",\"publisher\":{\"@id\":\"https:\/\/cryo.nytelweb.net\/#organization\"},\"potentialAction\":[{\"@type\":\"SearchAction\",\"target\":{\"@type\":\"EntryPoint\",\"urlTemplate\":\"https:\/\/cryo.nytelweb.net\/?s={search_term_string}\"},\"query-input\":{\"@type\":\"PropertyValueSpecification\",\"valueRequired\":true,\"valueName\":\"search_term_string\"}}],\"inLanguage\":\"en-GB\"},{\"@type\":\"Organization\",\"@id\":\"https:\/\/cryo.nytelweb.net\/#organization\",\"name\":\"Cryo Logistics\",\"url\":\"https:\/\/cryo.nytelweb.net\/\",\"logo\":{\"@type\":\"ImageObject\",\"inLanguage\":\"en-GB\",\"@id\":\"https:\/\/cryo.nytelweb.net\/#\/schema\/logo\/image\/\",\"url\":\"https:\/\/cryo.nytelweb.net\/wp-content\/uploads\/2026\/02\/image-10.webp\",\"contentUrl\":\"https:\/\/cryo.nytelweb.net\/wp-content\/uploads\/2026\/02\/image-10.webp\",\"width\":182,\"height\":62,\"caption\":\"Cryo Logistics\"},\"image\":{\"@id\":\"https:\/\/cryo.nytelweb.net\/#\/schema\/logo\/image\/\"}},{\"@type\":\"Person\",\"@id\":\"https:\/\/cryo.nytelweb.net\/#\/schema\/person\/6b64a9dd74adc0e6dd6bc6dd134d4de9\",\"name\":\"admin\",\"image\":{\"@type\":\"ImageObject\",\"inLanguage\":\"en-GB\",\"@id\":\"https:\/\/secure.gravatar.com\/avatar\/ac896388af1d1ca4782b52e6dc42b1bc33f5d152f4d03b3c773531d85bbefef6?s=96&d=mm&r=g\",\"url\":\"https:\/\/secure.gravatar.com\/avatar\/ac896388af1d1ca4782b52e6dc42b1bc33f5d152f4d03b3c773531d85bbefef6?s=96&d=mm&r=g\",\"contentUrl\":\"https:\/\/secure.gravatar.com\/avatar\/ac896388af1d1ca4782b52e6dc42b1bc33f5d152f4d03b3c773531d85bbefef6?s=96&d=mm&r=g\",\"caption\":\"admin\"},\"sameAs\":[\"https:\/\/cryo.nytelweb.net\"],\"url\":\"http:\/\/cryo.nytelweb.net\/en\/author\/admin\/\"}]}<\/script>\n<!-- \/ Yoast SEO plugin. -->","yoast_head_json":{"title":"Cryo Logistics Espa\u00f1a comienza su senda verde\u200b - Cryo Logistics","robots":{"index":"index","follow":"follow","max-snippet":"max-snippet:-1","max-image-preview":"max-image-preview:large","max-video-preview":"max-video-preview:-1"},"canonical":"https:\/\/cryo.nytelweb.net\/en\/cryo-logistics-espana-comienza-su-senda-verde-2\/","og_locale":"en_GB","og_type":"article","og_title":"Cryo Logistics Espa\u00f1a comienza su senda verde\u200b - Cryo Logistics","og_description":"Cryo Logistics Espa\u00f1a se complace en integrar en su flota de veh\u00edculos su primer cami\u00f3n propulsado por GNL. Este es el primer paso en nuestra transformaci\u00f3n ecol\u00f3gica integrando un cami\u00f3n IVECO Stralis NP.","og_url":"https:\/\/cryo.nytelweb.net\/en\/cryo-logistics-espana-comienza-su-senda-verde-2\/","og_site_name":"Cryo Logistics","article_published_time":"2026-03-06T11:49:50+00:00","article_modified_time":"2026-03-06T12:55:59+00:00","og_image":[{"width":1200,"height":900,"url":"https:\/\/cryo.nytelweb.net\/wp-content\/uploads\/2026\/03\/Cryo-Logistics-Espana-comienza-su-senda-verde.webp","type":"image\/webp"}],"author":"admin","twitter_card":"summary_large_image","twitter_misc":{"Written by":"admin","Estimated reading time":"1 minute"},"schema":{"@context":"https:\/\/schema.org","@graph":[{"@type":"Article","@id":"https:\/\/cryo.nytelweb.net\/cryo-logistics-espana-comienza-su-senda-verde-2\/#article","isPartOf":{"@id":"https:\/\/cryo.nytelweb.net\/cryo-logistics-espana-comienza-su-senda-verde-2\/"},"author":{"name":"admin","@id":"https:\/\/cryo.nytelweb.net\/#\/schema\/person\/6b64a9dd74adc0e6dd6bc6dd134d4de9"},"headline":"Cryo Logistics Espa\u00f1a comienza su senda verde\u200b","datePublished":"2026-03-06T11:49:50+00:00","dateModified":"2026-03-06T12:55:59+00:00","mainEntityOfPage":{"@id":"https:\/\/cryo.nytelweb.net\/cryo-logistics-espana-comienza-su-senda-verde-2\/"},"wordCount":173,"commentCount":0,"publisher":{"@id":"https:\/\/cryo.nytelweb.net\/#organization"},"image":{"@id":"https:\/\/cryo.nytelweb.net\/cryo-logistics-espana-comienza-su-senda-verde-2\/#primaryimage"},"thumbnailUrl":"https:\/\/cryo.nytelweb.net\/wp-content\/uploads\/2026\/03\/Cryo-Logistics-Espana-comienza-su-senda-verde.webp","articleSection":["Uncategorized"],"inLanguage":"en-GB"},{"@type":"WebPage","@id":"https:\/\/cryo.nytelweb.net\/cryo-logistics-espana-comienza-su-senda-verde-2\/","url":"https:\/\/cryo.nytelweb.net\/cryo-logistics-espana-comienza-su-senda-verde-2\/","name":"Cryo Logistics Espa\u00f1a comienza su senda verde\u200b - Cryo Logistics","isPartOf":{"@id":"https:\/\/cryo.nytelweb.net\/#website"},"primaryImageOfPage":{"@id":"https:\/\/cryo.nytelweb.net\/cryo-logistics-espana-comienza-su-senda-verde-2\/#primaryimage"},"image":{"@id":"https:\/\/cryo.nytelweb.net\/cryo-logistics-espana-comienza-su-senda-verde-2\/#primaryimage"},"thumbnailUrl":"https:\/\/cryo.nytelweb.net\/wp-content\/uploads\/2026\/03\/Cryo-Logistics-Espana-comienza-su-senda-verde.webp","datePublished":"2026-03-06T11:49:50+00:00","dateModified":"2026-03-06T12:55:59+00:00","breadcrumb":{"@id":"https:\/\/cryo.nytelweb.net\/cryo-logistics-espana-comienza-su-senda-verde-2\/#breadcrumb"},"inLanguage":"en-GB","potentialAction":[{"@type":"ReadAction","target":["https:\/\/cryo.nytelweb.net\/cryo-logistics-espana-comienza-su-senda-verde-2\/"]}]},{"@type":"ImageObject","inLanguage":"en-GB","@id":"https:\/\/cryo.nytelweb.net\/cryo-logistics-espana-comienza-su-senda-verde-2\/#primaryimage","url":"https:\/\/cryo.nytelweb.net\/wp-content\/uploads\/2026\/03\/Cryo-Logistics-Espana-comienza-su-senda-verde.webp","contentUrl":"https:\/\/cryo.nytelweb.net\/wp-content\/uploads\/2026\/03\/Cryo-Logistics-Espana-comienza-su-senda-verde.webp","width":1200,"height":900},{"@type":"BreadcrumbList","@id":"https:\/\/cryo.nytelweb.net\/cryo-logistics-espana-comienza-su-senda-verde-2\/#breadcrumb","itemListElement":[{"@type":"ListItem","position":1,"name":"Portada","item":"https:\/\/cryo.nytelweb.net\/"},{"@type":"ListItem","position":2,"name":"Cryo Logistics Espa\u00f1a comienza su senda verde\u200b"}]},{"@type":"WebSite","@id":"https:\/\/cryo.nytelweb.net\/#website","url":"https:\/\/cryo.nytelweb.net\/","name":"Cryo Logistics","description":"","publisher":{"@id":"https:\/\/cryo.nytelweb.net\/#organization"},"potentialAction":[{"@type":"SearchAction","target":{"@type":"EntryPoint","urlTemplate":"https:\/\/cryo.nytelweb.net\/?s={search_term_string}"},"query-input":{"@type":"PropertyValueSpecification","valueRequired":true,"valueName":"search_term_string"}}],"inLanguage":"en-GB"},{"@type":"Organization","@id":"https:\/\/cryo.nytelweb.net\/#organization","name":"Cryo Logistics","url":"https:\/\/cryo.nytelweb.net\/","logo":{"@type":"ImageObject","inLanguage":"en-GB","@id":"https:\/\/cryo.nytelweb.net\/#\/schema\/logo\/image\/","url":"https:\/\/cryo.nytelweb.net\/wp-content\/uploads\/2026\/02\/image-10.webp","contentUrl":"https:\/\/cryo.nytelweb.net\/wp-content\/uploads\/2026\/02\/image-10.webp","width":182,"height":62,"caption":"Cryo Logistics"},"image":{"@id":"https:\/\/cryo.nytelweb.net\/#\/schema\/logo\/image\/"}},{"@type":"Person","@id":"https:\/\/cryo.nytelweb.net\/#\/schema\/person\/6b64a9dd74adc0e6dd6bc6dd134d4de9","name":"admin","image":{"@type":"ImageObject","inLanguage":"en-GB","@id":"https:\/\/secure.gravatar.com\/avatar\/ac896388af1d1ca4782b52e6dc42b1bc33f5d152f4d03b3c773531d85bbefef6?s=96&d=mm&r=g","url":"https:\/\/secure.gravatar.com\/avatar\/ac896388af1d1ca4782b52e6dc42b1bc33f5d152f4d03b3c773531d85bbefef6?s=96&d=mm&r=g","contentUrl":"https:\/\/secure.gravatar.com\/avatar\/ac896388af1d1ca4782b52e6dc42b1bc33f5d152f4d03b3c773531d85bbefef6?s=96&d=mm&r=g","caption":"admin"},"sameAs":["https:\/\/cryo.nytelweb.net"],"url":"http:\/\/cryo.nytelweb.net\/en\/author\/admin\/"}]}},"jetpack_featured_media_url":"https:\/\/cryo.nytelweb.net\/wp-content\/uploads\/2026\/03\/Cryo-Logistics-Espana-comienza-su-senda-verde.webp","jetpack_sharing_enabled":true,"_links":{"self":[{"href":"http:\/\/cryo.nytelweb.net\/en\/wp-json\/wp\/v2\/posts\/1483","targetHints":{"allow":["GET"]}}],"collection":[{"href":"http:\/\/cryo.nytelweb.net\/en\/wp-json\/wp\/v2\/posts"}],"about":[{"href":"http:\/\/cryo.nytelweb.net\/en\/wp-json\/wp\/v2\/types\/post"}],"author":[{"embeddable":true,"href":"http:\/\/cryo.nytelweb.net\/en\/wp-json\/wp\/v2\/users\/1"}],"replies":[{"embeddable":true,"href":"http:\/\/cryo.nytelweb.net\/en\/wp-json\/wp\/v2\/comments?post=1483"}],"version-history":[{"count":3,"href":"http:\/\/cryo.nytelweb.net\/en\/wp-json\/wp\/v2\/posts\/1483\/revisions"}],"predecessor-version":[{"id":1546,"href":"http:\/\/cryo.nytelweb.net\/en\/wp-json\/wp\/v2\/posts\/1483\/revisions\/1546"}],"wp:featuredmedia":[{"embeddable":true,"href":"http:\/\/cryo.nytelweb.net\/en\/wp-json\/wp\/v2\/media\/1369"}],"wp:attachment":[{"href":"http:\/\/cryo.nytelweb.net\/en\/wp-json\/wp\/v2\/media?parent=1483"}],"wp:term":[{"taxonomy":"category","embeddable":true,"href":"http:\/\/cryo.nytelweb.net\/en\/wp-json\/wp\/v2\/categories?post=1483"},{"taxonomy":"post_tag","embeddable":true,"href":"http:\/\/cryo.nytelweb.net\/en\/wp-json\/wp\/v2\/tags?post=1483"}],"curies":[{"name":"wp","href":"https:\/\/api.w.org\/{rel}","templated":true}]}}